{"id":5093,"date":"2026-09-02T17:10:59","date_gmt":"2026-09-02T16:10:59","guid":{"rendered":"https:\/\/site.mlfmonde.org\/majorelle\/?p=5093"},"modified":"2026-09-02T17:11:18","modified_gmt":"2026-09-02T16:11:18","slug":"rentree-des-enseignants-du-groupe-scolaire-international-jacques-majorelle","status":"publish","type":"post","link":"https:\/\/site.mlfmonde.org\/majorelle\/rentree-des-enseignants-du-groupe-scolaire-international-jacques-majorelle\/","title":{"rendered":"Rentr\u00e9e des enseignants du Groupe Scolaire International Jacques Majorelle"},"content":{"rendered":"\n<figure class=\"wp-block-image size-large\"><img loading=\"lazy\" decoding=\"async\" width=\"1024\" height=\"1024\" src=\"https:\/\/site.mlfmonde.org\/majorelle\/wp-content\/uploads\/sites\/13\/2026\/09\/Design-sans-titre-1-copie-1024x1024.png\" alt=\"\" class=\"wp-image-5094\" srcset=\"https:\/\/site.mlfmonde.org\/majorelle\/wp-content\/uploads\/sites\/13\/2026\/09\/Design-sans-titre-1-copie-1024x1024.png 1024w, https:\/\/site.mlfmonde.org\/majorelle\/wp-content\/uploads\/sites\/13\/2026\/09\/Design-sans-titre-1-copie-300x300.png 300w, https:\/\/site.mlfmonde.org\/majorelle\/wp-content\/uploads\/sites\/13\/2026\/09\/Design-sans-titre-1-copie-150x150.png 150w, https:\/\/site.mlfmonde.org\/majorelle\/wp-content\/uploads\/sites\/13\/2026\/09\/Design-sans-titre-1-copie-768x768.png 768w, https:\/\/site.mlfmonde.org\/majorelle\/wp-content\/uploads\/sites\/13\/2026\/09\/Design-sans-titre-1-copie-570x570.png 570w, https:\/\/site.mlfmonde.org\/majorelle\/wp-content\/uploads\/sites\/13\/2026\/09\/Design-sans-titre-1-copie-510x510.png 510w, https:\/\/site.mlfmonde.org\/majorelle\/wp-content\/uploads\/sites\/13\/2026\/09\/Design-sans-titre-1-copie.png 1080w\" sizes=\"auto, (max-width: 1024px) 100vw, 1024px\" \/><\/figure>\n\n\n\n<p>La journ\u00e9e de pr\u00e9-rentr\u00e9e s&rsquo;est d\u00e9roul\u00e9e ce jour dans une atmosph\u00e8re chaleureuse et collaborative, marqu\u00e9e par la convivialit\u00e9 et la cr\u00e9ation de premiers liens entre les \u00e9quipes d\u00e9j\u00e0 en place et les nouveaux enseignants.<\/p>\n\n\n\n<p>\u00c0 cette occasion, Madame Magali Wallyn-Baron, nouvelle Proviseure, accompagn\u00e9e de l\u2019ensemble de l\u2019\u00e9quipe de direction, a ouvert la session en pr\u00e9sentant les orientations strat\u00e9giques, les objectifs p\u00e9dagogiques et les grands projets qui rythmeront cette nouvelle ann\u00e9e scolaire.<\/p>\n\n\n\n<p>Cette rencontre a permis de poser des bases solides d&rsquo;\u00e9change, de coh\u00e9sion et de travail en \u00e9quipe, affirmant ainsi l&rsquo;engagement de tous en faveur de la r\u00e9ussite et de l&rsquo;\u00e9panouissement de l&rsquo;ensemble de nos \u00e9l\u00e8ves.<\/p>\n\n\n\n<p><a href=\"https:\/\/www.facebook.com\/hashtag\/reseaumlfmonde?__cft__[0]=AZgGJabwZoQcZvCJLs5z8QY2lSmijupg8pibY1sTGbp7v0H21G281A99u3gVCbbY4BZKJPOiGs03BzBpHxeDdD8WwteMpZi-nlnSFPNzD749GLMCv5OImywpmE_gFJyaxRhAZcXSaDktojtPxdJIlACL1eMPZiqLohObDF8AEuW4UBWGAVSzh6vWWSo&amp;__tn__=*NK-R\">#reseaumlfmonde<\/a><a href=\"https:\/\/www.facebook.com\/hashtag\/mlfmonde?__cft__[0]=AZgGJabwZoQcZvCJLs5z8QY2lSmijupg8pibY1sTGbp7v0H21G281A99u3gVCbbY4BZKJPOiGs03BzBpHxeDdD8WwteMpZi-nlnSFPNzD749GLMCv5OImywpmE_gFJyaxRhAZcXSaDktojtPxdJIlACL1eMPZiqLohObDF8AEuW4UBWGAVSzh6vWWSo&amp;__tn__=*NK-R\">#mlfmonde<\/a><a href=\"https:\/\/www.facebook.com\/hashtag\/rentr%C3%A9e2026?__cft__[0]=AZgGJabwZoQcZvCJLs5z8QY2lSmijupg8pibY1sTGbp7v0H21G281A99u3gVCbbY4BZKJPOiGs03BzBpHxeDdD8WwteMpZi-nlnSFPNzD749GLMCv5OImywpmE_gFJyaxRhAZcXSaDktojtPxdJIlACL1eMPZiqLohObDF8AEuW4UBWGAVSzh6vWWSo&amp;__tn__=*NK-R\">#rentr\u00e9e2026<\/a><\/p>\n","protected":false},"excerpt":{"rendered":"<p>La journ\u00e9e de pr\u00e9-rentr\u00e9e s&rsquo;est d\u00e9roul\u00e9e ce jour dans une atmosph\u00e8re chaleureuse et collaborative, marqu\u00e9e par la convivialit\u00e9 et la cr\u00e9ation de premiers liens entre les \u00e9quipes d\u00e9j\u00e0 en place et les nouveaux enseignants. \u00c0 cette occasion, Madame Magali Wallyn-Baron, nouvelle Proviseure, accompagn\u00e9e de l\u2019ensemble de l\u2019\u00e9quipe de direction, a ouvert la session en pr\u00e9sentant [&hellip;]<\/p>\n","protected":false},"author":84,"featured_media":0,"comment_status":"closed","ping_status":"closed","sticky":true,"template":"","format":"standard","meta":{"_exactmetrics_skip_tracking":false,"_exactmetrics_sitenote_active":false,"_exactmetrics_sitenote_note":"","_exactmetrics_sitenote_category":0,"footnotes":""},"categories":[7],"tags":[],"class_list":{"0":"post-5093","1":"post","2":"type-post","3":"status-publish","4":"format-standard","6":"category-actualites","7":"czr-hentry"},"_links":{"self":[{"href":"https:\/\/site.mlfmonde.org\/majorelle\/wp-json\/wp\/v2\/posts\/5093","targetHints":{"allow":["GET"]}}],"collection":[{"href":"https:\/\/site.mlfmonde.org\/majorelle\/wp-json\/wp\/v2\/posts"}],"about":[{"href":"https:\/\/site.mlfmonde.org\/majorelle\/wp-json\/wp\/v2\/types\/post"}],"author":[{"embeddable":true,"href":"https:\/\/site.mlfmonde.org\/majorelle\/wp-json\/wp\/v2\/users\/84"}],"replies":[{"embeddable":true,"href":"https:\/\/site.mlfmonde.org\/majorelle\/wp-json\/wp\/v2\/comments?post=5093"}],"version-history":[{"count":1,"href":"https:\/\/site.mlfmonde.org\/majorelle\/wp-json\/wp\/v2\/posts\/5093\/revisions"}],"predecessor-version":[{"id":5095,"href":"https:\/\/site.mlfmonde.org\/majorelle\/wp-json\/wp\/v2\/posts\/5093\/revisions\/5095"}],"wp:attachment":[{"href":"https:\/\/site.mlfmonde.org\/majorelle\/wp-json\/wp\/v2\/media?parent=5093"}],"wp:term":[{"taxonomy":"category","embeddable":true,"href":"https:\/\/site.mlfmonde.org\/majorelle\/wp-json\/wp\/v2\/categories?post=5093"},{"taxonomy":"post_tag","embeddable":true,"href":"https:\/\/site.mlfmonde.org\/majorelle\/wp-json\/wp\/v2\/tags?post=5093"}],"curies":[{"name":"wp","href":"https:\/\/api.w.org\/{rel}","templated":true}]}}