{"id":4774,"date":"2026-04-11T00:26:27","date_gmt":"2026-04-10T23:26:27","guid":{"rendered":"https:\/\/site.mlfmonde.org\/majorelle\/?p=4774"},"modified":"2026-04-16T23:00:16","modified_gmt":"2026-04-16T22:00:16","slug":"tous-ensemble-pour-sauver-les-animaux","status":"publish","type":"post","link":"https:\/\/site.mlfmonde.org\/majorelle\/tous-ensemble-pour-sauver-les-animaux\/","title":{"rendered":"Tous Ensemble pour sauver les animaux."},"content":{"rendered":"\n<p>Les CM1B s\u2019engagent : une aventure citoyenne au c\u0153ur de la protection animale.<\/p>\n\n\n\n<figure class=\"wp-block-image size-large\"><img loading=\"lazy\" decoding=\"async\" width=\"724\" height=\"1024\" src=\"https:\/\/site.mlfmonde.org\/majorelle\/wp-content\/uploads\/sites\/13\/2026\/04\/Tous-ensemble-1-724x1024.png\" alt=\"\" class=\"wp-image-4776\" srcset=\"https:\/\/site.mlfmonde.org\/majorelle\/wp-content\/uploads\/sites\/13\/2026\/04\/Tous-ensemble-1-724x1024.png 724w, https:\/\/site.mlfmonde.org\/majorelle\/wp-content\/uploads\/sites\/13\/2026\/04\/Tous-ensemble-1-212x300.png 212w, https:\/\/site.mlfmonde.org\/majorelle\/wp-content\/uploads\/sites\/13\/2026\/04\/Tous-ensemble-1-768x1086.png 768w, https:\/\/site.mlfmonde.org\/majorelle\/wp-content\/uploads\/sites\/13\/2026\/04\/Tous-ensemble-1-1086x1536.png 1086w, https:\/\/site.mlfmonde.org\/majorelle\/wp-content\/uploads\/sites\/13\/2026\/04\/Tous-ensemble-1-1448x2048.png 1448w, https:\/\/site.mlfmonde.org\/majorelle\/wp-content\/uploads\/sites\/13\/2026\/04\/Tous-ensemble-1-570x806.png 570w, https:\/\/site.mlfmonde.org\/majorelle\/wp-content\/uploads\/sites\/13\/2026\/04\/Tous-ensemble-1.png 1587w\" sizes=\"auto, (max-width: 724px) 100vw, 724px\" \/><\/figure>\n\n\n\n<p>Cette ann\u00e9e, la classe de CM1B du Groupe Scolaire Jacques Majorelle a entrepris un projet p\u00e9dagogique d&rsquo;une grande richesse : la cr\u00e9ation et la gestion de leur propre association scolaire, baptis\u00e9e \u00ab PAC \u2013 Les CM1B aiment les animaux \u00bb. Inspir\u00e9s par la d\u00e9couverte du film Moon le panda, les \u00e9l\u00e8ves explorent avec passion les enjeux de la biodiversit\u00e9 en devenant tour \u00e0 tour chercheurs, communicants et futurs b\u00e9n\u00e9voles. Ce parcours, qui m\u00eale r\u00e9daction de statuts officiels et recherches sur les esp\u00e8ces menac\u00e9es, trouvera son point d&rsquo;orgue lors d&rsquo;une exposition de sensibilisation ainsi qu&rsquo;une visite solidaire au refuge La Perle aux Oiseaux. Plus qu&rsquo;un simple exercice scolaire, cette initiative permet \u00e0 nos \u00e9l\u00e8ves de s&rsquo;\u00e9panouir en tant que citoyens responsables, d\u00e9veloppant un esprit d&rsquo;\u00e9quipe exemplaire dans le cadre bienveillant de notre \u00e9tablissement. Une belle preuve que la sensibilisation \u00e0 la plan\u00e8te se vit au quotidien par l&rsquo;action et l&rsquo;\u00e9motion.<\/p>\n\n\n\n<figure class=\"wp-block-image size-large\"><img loading=\"lazy\" decoding=\"async\" width=\"1019\" height=\"1024\" src=\"https:\/\/site.mlfmonde.org\/majorelle\/wp-content\/uploads\/sites\/13\/2026\/04\/Creation-de-lembleme-associatif-1019x1024.png\" alt=\"\" class=\"wp-image-4781\" srcset=\"https:\/\/site.mlfmonde.org\/majorelle\/wp-content\/uploads\/sites\/13\/2026\/04\/Creation-de-lembleme-associatif-1019x1024.png 1019w, https:\/\/site.mlfmonde.org\/majorelle\/wp-content\/uploads\/sites\/13\/2026\/04\/Creation-de-lembleme-associatif-300x300.png 300w, https:\/\/site.mlfmonde.org\/majorelle\/wp-content\/uploads\/sites\/13\/2026\/04\/Creation-de-lembleme-associatif-150x150.png 150w, https:\/\/site.mlfmonde.org\/majorelle\/wp-content\/uploads\/sites\/13\/2026\/04\/Creation-de-lembleme-associatif-768x772.png 768w, https:\/\/site.mlfmonde.org\/majorelle\/wp-content\/uploads\/sites\/13\/2026\/04\/Creation-de-lembleme-associatif-570x573.png 570w, https:\/\/site.mlfmonde.org\/majorelle\/wp-content\/uploads\/sites\/13\/2026\/04\/Creation-de-lembleme-associatif.png 1075w\" sizes=\"auto, (max-width: 1019px) 100vw, 1019px\" \/><\/figure>\n\n\n\n<p>Pour que l&rsquo;association soit repr\u00e9sent\u00e9e, les \u00e9l\u00e8ves ont travaill\u00e9 sur un visuel avant de voter pour celui qui deviendra leur logo officiel. Voici une partie des mod\u00e8les propos\u00e9s.<\/p>\n\n\n\n<figure class=\"wp-block-image size-large\"><img loading=\"lazy\" decoding=\"async\" width=\"1019\" height=\"1024\" src=\"https:\/\/site.mlfmonde.org\/majorelle\/wp-content\/uploads\/sites\/13\/2026\/04\/Creation-de-lembleme-associatif-copie-1019x1024.png\" alt=\"\" class=\"wp-image-4784\" srcset=\"https:\/\/site.mlfmonde.org\/majorelle\/wp-content\/uploads\/sites\/13\/2026\/04\/Creation-de-lembleme-associatif-copie-1019x1024.png 1019w, https:\/\/site.mlfmonde.org\/majorelle\/wp-content\/uploads\/sites\/13\/2026\/04\/Creation-de-lembleme-associatif-copie-300x300.png 300w, https:\/\/site.mlfmonde.org\/majorelle\/wp-content\/uploads\/sites\/13\/2026\/04\/Creation-de-lembleme-associatif-copie-150x150.png 150w, https:\/\/site.mlfmonde.org\/majorelle\/wp-content\/uploads\/sites\/13\/2026\/04\/Creation-de-lembleme-associatif-copie-768x772.png 768w, https:\/\/site.mlfmonde.org\/majorelle\/wp-content\/uploads\/sites\/13\/2026\/04\/Creation-de-lembleme-associatif-copie-570x573.png 570w, https:\/\/site.mlfmonde.org\/majorelle\/wp-content\/uploads\/sites\/13\/2026\/04\/Creation-de-lembleme-associatif-copie.png 1075w\" sizes=\"auto, (max-width: 1019px) 100vw, 1019px\" \/><\/figure>\n\n\n\n<figure class=\"wp-block-image size-large\"><img loading=\"lazy\" decoding=\"async\" width=\"1019\" height=\"1024\" src=\"https:\/\/site.mlfmonde.org\/majorelle\/wp-content\/uploads\/sites\/13\/2026\/04\/Creation-de-lembleme-associatif-copie-2-1019x1024.png\" alt=\"\" class=\"wp-image-4786\" srcset=\"https:\/\/site.mlfmonde.org\/majorelle\/wp-content\/uploads\/sites\/13\/2026\/04\/Creation-de-lembleme-associatif-copie-2-1019x1024.png 1019w, https:\/\/site.mlfmonde.org\/majorelle\/wp-content\/uploads\/sites\/13\/2026\/04\/Creation-de-lembleme-associatif-copie-2-300x300.png 300w, https:\/\/site.mlfmonde.org\/majorelle\/wp-content\/uploads\/sites\/13\/2026\/04\/Creation-de-lembleme-associatif-copie-2-150x150.png 150w, https:\/\/site.mlfmonde.org\/majorelle\/wp-content\/uploads\/sites\/13\/2026\/04\/Creation-de-lembleme-associatif-copie-2-768x772.png 768w, https:\/\/site.mlfmonde.org\/majorelle\/wp-content\/uploads\/sites\/13\/2026\/04\/Creation-de-lembleme-associatif-copie-2-570x573.png 570w, https:\/\/site.mlfmonde.org\/majorelle\/wp-content\/uploads\/sites\/13\/2026\/04\/Creation-de-lembleme-associatif-copie-2.png 1075w\" sizes=\"auto, (max-width: 1019px) 100vw, 1019px\" \/><\/figure>\n\n\n\n<p>Nos \u00e9l\u00e8ves ont ensuite organis\u00e9 les \u00e9lections des repr\u00e9sentants de l\u2019association. \u00c0 cette occasion, les candidats ont pr\u00e9par\u00e9 et expos\u00e9 leur programme devant leurs camarades<\/p>\n\n\n\n<figure class=\"wp-block-video\"><video autoplay controls muted src=\"https:\/\/site.mlfmonde.org\/majorelle\/wp-content\/uploads\/sites\/13\/2026\/04\/CM1.mp4\"><\/video><\/figure>\n\n\n\n<p>Ce matin, les \u00e9l\u00e8ves de la classe de <strong>CM1 B<\/strong> ont franchi une \u00e9tape majeure en officialisant le statut de leur association. Apr\u00e8s avoir \u00e9t\u00e9 \u00e9lus cette semaine, les repr\u00e9sentants des \u00e9l\u00e8ves ont pr\u00e9sent\u00e9 leur projet avec brio devant la direction du <strong>Groupe Scolaire Jacques Majorelle<\/strong>. Cette rencontre s&rsquo;est conclue par un moment hautement symbolique : la signature des documents officiels. Par cet acte d&rsquo;engagement, les \u00e9l\u00e8ves marquent le d\u00e9but d&rsquo;une aventure citoyenne au sein de leur \u00e9tablissement. F\u00e9licitations \u00e0 eux pour leur investissement !<\/p>\n\n\n\n<p><\/p>\n","protected":false},"excerpt":{"rendered":"<p>Les CM1B s\u2019engagent : une aventure citoyenne au c\u0153ur de la protection animale. Cette ann\u00e9e, la classe de CM1B du Groupe Scolaire Jacques Majorelle a entrepris un projet p\u00e9dagogique d&rsquo;une grande richesse : la cr\u00e9ation et la gestion de leur propre association scolaire, baptis\u00e9e \u00ab PAC \u2013 Les CM1B aiment les animaux \u00bb. Inspir\u00e9s par [&hellip;]<\/p>\n","protected":false},"author":84,"featured_media":4775,"comment_status":"closed","ping_status":"closed","sticky":true,"template":"","format":"standard","meta":{"_exactmetrics_skip_tracking":false,"_exactmetrics_sitenote_active":false,"_exactmetrics_sitenote_note":"","_exactmetrics_sitenote_category":0,"footnotes":""},"categories":[7],"tags":[],"class_list":{"0":"post-4774","1":"post","2":"type-post","3":"status-publish","4":"format-standard","5":"has-post-thumbnail","7":"category-actualites","8":"czr-hentry"},"_links":{"self":[{"href":"https:\/\/site.mlfmonde.org\/majorelle\/wp-json\/wp\/v2\/posts\/4774","targetHints":{"allow":["GET"]}}],"collection":[{"href":"https:\/\/site.mlfmonde.org\/majorelle\/wp-json\/wp\/v2\/posts"}],"about":[{"href":"https:\/\/site.mlfmonde.org\/majorelle\/wp-json\/wp\/v2\/types\/post"}],"author":[{"embeddable":true,"href":"https:\/\/site.mlfmonde.org\/majorelle\/wp-json\/wp\/v2\/users\/84"}],"replies":[{"embeddable":true,"href":"https:\/\/site.mlfmonde.org\/majorelle\/wp-json\/wp\/v2\/comments?post=4774"}],"version-history":[{"count":8,"href":"https:\/\/site.mlfmonde.org\/majorelle\/wp-json\/wp\/v2\/posts\/4774\/revisions"}],"predecessor-version":[{"id":4799,"href":"https:\/\/site.mlfmonde.org\/majorelle\/wp-json\/wp\/v2\/posts\/4774\/revisions\/4799"}],"wp:featuredmedia":[{"embeddable":true,"href":"https:\/\/site.mlfmonde.org\/majorelle\/wp-json\/wp\/v2\/media\/4775"}],"wp:attachment":[{"href":"https:\/\/site.mlfmonde.org\/majorelle\/wp-json\/wp\/v2\/media?parent=4774"}],"wp:term":[{"taxonomy":"category","embeddable":true,"href":"https:\/\/site.mlfmonde.org\/majorelle\/wp-json\/wp\/v2\/categories?post=4774"},{"taxonomy":"post_tag","embeddable":true,"href":"https:\/\/site.mlfmonde.org\/majorelle\/wp-json\/wp\/v2\/tags?post=4774"}],"curies":[{"name":"wp","href":"https:\/\/api.w.org\/{rel}","templated":true}]}}