{"id":4763,"date":"2026-04-07T22:18:04","date_gmt":"2026-04-07T21:18:04","guid":{"rendered":"https:\/\/site.mlfmonde.org\/majorelle\/?p=4763"},"modified":"2026-04-29T23:38:28","modified_gmt":"2026-04-29T22:38:28","slug":"semaine-des-odd","status":"publish","type":"post","link":"https:\/\/site.mlfmonde.org\/majorelle\/semaine-des-odd\/","title":{"rendered":"La Semaine des ODD au GSI Jacques Majorelle !"},"content":{"rendered":"\n<p><strong>\u00c0 la suite de l&rsquo;obtention de notre label E3D, t\u00e9moignant de notre engagement pour le d\u00e9veloppement durable, nous avons la joie d&rsquo;annoncer la tenue d&rsquo;une semaine th\u00e9matique exceptionnelle du 20 au 24 avril prochains.<\/strong><\/p>\n\n\n\n<figure class=\"wp-block-image size-large\"><img loading=\"lazy\" decoding=\"async\" width=\"724\" height=\"1024\" src=\"https:\/\/site.mlfmonde.org\/majorelle\/wp-content\/uploads\/sites\/13\/2026\/04\/Aujourdhui-decide-de-demain-1-724x1024.png\" alt=\"\" class=\"wp-image-4766\" srcset=\"https:\/\/site.mlfmonde.org\/majorelle\/wp-content\/uploads\/sites\/13\/2026\/04\/Aujourdhui-decide-de-demain-1-724x1024.png 724w, https:\/\/site.mlfmonde.org\/majorelle\/wp-content\/uploads\/sites\/13\/2026\/04\/Aujourdhui-decide-de-demain-1-212x300.png 212w, https:\/\/site.mlfmonde.org\/majorelle\/wp-content\/uploads\/sites\/13\/2026\/04\/Aujourdhui-decide-de-demain-1-768x1086.png 768w, https:\/\/site.mlfmonde.org\/majorelle\/wp-content\/uploads\/sites\/13\/2026\/04\/Aujourdhui-decide-de-demain-1-1086x1536.png 1086w, https:\/\/site.mlfmonde.org\/majorelle\/wp-content\/uploads\/sites\/13\/2026\/04\/Aujourdhui-decide-de-demain-1-1448x2048.png 1448w, https:\/\/site.mlfmonde.org\/majorelle\/wp-content\/uploads\/sites\/13\/2026\/04\/Aujourdhui-decide-de-demain-1-570x806.png 570w, https:\/\/site.mlfmonde.org\/majorelle\/wp-content\/uploads\/sites\/13\/2026\/04\/Aujourdhui-decide-de-demain-1.png 1587w\" sizes=\"auto, (max-width: 724px) 100vw, 724px\" \/><\/figure>\n\n\n\n<p>Cet \u00e9v\u00e9nement f\u00e9d\u00e9rateur verra nos \u00e9l\u00e8ves s&rsquo;approprier les Objectifs de D\u00e9veloppement Durable \u00e0 travers des ateliers dynamiques, favorisant les \u00e9changes entre les diff\u00e9rents degr\u00e9s et sites de notre \u00e9tablissement. Au c\u0153ur de notre environnement privil\u00e9gi\u00e9, cette initiative vise \u00e0 placer l&rsquo;\u00e9panouissement de l&rsquo;enfant au centre d&rsquo;une d\u00e9marche citoyenne et solidaire. Nous aurons le plaisir de clore cette semaine riche en d\u00e9couvertes par une grande exposition finale le Jeudi 23 Avril, \u00e0 laquelle tous les parents sont chaleureusement convi\u00e9s. Venez nombreux pour partager ce moment de fiert\u00e9 et d\u00e9couvrir les solutions cr\u00e9atives imagin\u00e9es par nos \u00e9l\u00e8ves pour un avenir durable.<\/p>\n\n\n\n<figure class=\"wp-block-image size-large\"><img loading=\"lazy\" decoding=\"async\" width=\"1024\" height=\"724\" src=\"https:\/\/site.mlfmonde.org\/majorelle\/wp-content\/uploads\/sites\/13\/2026\/04\/ODD-1024x724.png\" alt=\"\" class=\"wp-image-4771\" srcset=\"https:\/\/site.mlfmonde.org\/majorelle\/wp-content\/uploads\/sites\/13\/2026\/04\/ODD-1024x724.png 1024w, https:\/\/site.mlfmonde.org\/majorelle\/wp-content\/uploads\/sites\/13\/2026\/04\/ODD-300x212.png 300w, https:\/\/site.mlfmonde.org\/majorelle\/wp-content\/uploads\/sites\/13\/2026\/04\/ODD-768x543.png 768w, https:\/\/site.mlfmonde.org\/majorelle\/wp-content\/uploads\/sites\/13\/2026\/04\/ODD-1536x1086.png 1536w, https:\/\/site.mlfmonde.org\/majorelle\/wp-content\/uploads\/sites\/13\/2026\/04\/ODD-2048x1449.png 2048w, https:\/\/site.mlfmonde.org\/majorelle\/wp-content\/uploads\/sites\/13\/2026\/04\/ODD-570x403.png 570w\" sizes=\"auto, (max-width: 1024px) 100vw, 1024px\" \/><\/figure>\n\n\n\n<p>Cette derni\u00e8re semaine avant les vacances a \u00e9t\u00e9 riche en \u00e9v\u00e8nements au sein de notre \u00e9cole primaire. La semaine des ODD a permis aux \u00e9l\u00e8ves de participer \u00e0 de nombreux ateliers inter cycles et inter degr\u00e9s autour des&nbsp;<strong><a href=\"https:\/\/www.jeunes.gouv.fr\/les-17-objectifs-de-developpement-durable-3138\" target=\"_blank\" rel=\"noreferrer noopener\">17 objectifs de d\u00e9veloppement durable fix\u00e9s par l\u2019ONU.<\/a><\/strong><\/p>\n\n\n\n<figure class=\"wp-block-video\"><video controls src=\"https:\/\/site.mlfmonde.org\/majorelle\/wp-content\/uploads\/sites\/13\/2026\/04\/Podcast-La-voix-de-Majorelle-ODD.mp4\"><\/video><\/figure>\n\n\n\n<ul class=\"wp-block-list\">\n<li>La cr\u00e9ation d\u2019\u0153uvres artistiques \u00e0 partir de mat\u00e9riaux recycl\u00e9s&nbsp;<strong>en CP<\/strong>, et pour ces deux classes la collecte et la comparaison des diff\u00e9rents types de d\u00e9chets ainsi que l\u2019observation des nouveaux habitants de l\u2019h\u00f4tel \u00e0 insectes cr\u00e9\u00e9 en f\u00e9vrier<\/li>\n\n\n\n<li>Les \u00e9l\u00e8ves de&nbsp;<strong>CE1&nbsp;<\/strong>ont r\u00e9alis\u00e9 un grand labyrinthe \u00e0 partir de mat\u00e9riaux recycl\u00e9s&nbsp;install\u00e9 dans le gymnase du primaire. Les \u00e9l\u00e8ves de maternelle et de CP ont pu s\u2019amuser \u00e0 retrouver leur chemin, guid\u00e9s par leurs ain\u00e9s.<\/li>\n\n\n\n<li>Les \u00e9l\u00e8ves de&nbsp;<strong>CE2<\/strong>&nbsp;ont fabriqu\u00e9 des masques \u00e0 partir de mat\u00e9riaux recycl\u00e9s<\/li>\n\n\n\n<li><strong>En CM1<\/strong>, une exposition \u00e9co-citoyenne a \u00e9t\u00e9 pr\u00e9sent\u00e9e, un jeu \u00ab&nbsp;plan\u00e8te durable a \u00e9t\u00e9 fabriqu\u00e9&nbsp;\u00bb et&nbsp;<strong>les CM1 C<\/strong>&nbsp;ont pr\u00e9sent\u00e9 \u00e0 leurs camarades des diff\u00e9rentes classes de l\u2019\u00e9cole leur toute nouvelle association<strong>&nbsp;<a href=\"https:\/\/site.mlfmonde.org\/majorelle\/tous-ensemble-pour-sauver-les-animaux\/\" target=\"_blank\" rel=\"noreferrer noopener\">\u00ab&nbsp;PAC- les CM1B aiment les animaux&nbsp;\u00bb.<\/a><\/strong><\/li>\n\n\n\n<li>La fresque \u00ab&nbsp;130 mains ensemble&nbsp;\u00bb r\u00e9alis\u00e9e par les \u00e9l\u00e8ves de&nbsp;<strong>CM1 et CM2<\/strong>&nbsp;dans le cadre de la semaine de lutte contre le harc\u00e8lement scolaire ainsi que l\u2019\u0153uvre collective \u00ab les mains de l\u2019espoir \u00bb ont \u00e9t\u00e9 expos\u00e9es tout comme de nombreux travaux des autres classes au gymnase du coll\u00e8ge lors de la soir\u00e9e ODD jeudi o\u00f9 toutes les familles \u00e9taient convi\u00e9es<\/li>\n\n\n\n<li>Les Eco-LAB des<strong>&nbsp;CM2,<\/strong>&nbsp;des activit\u00e9s ludiques r\u00e9alis\u00e9es \u00e0 partir de mat\u00e9riaux recycl\u00e9s ont \u00e9t\u00e9 anim\u00e9s tout au long de la semaine par les \u00e9l\u00e8ves de CM2 pour les \u00e9l\u00e8ves de maternelle et du CP au CM1<\/li>\n\n\n\n<li>Les \u00e9l\u00e8ves de&nbsp;<strong>CM2 B<\/strong>&nbsp;ont \u00e9galement con\u00e7u une \u0153uvre collective \u00e0 partir de mat\u00e9riel recycl\u00e9&nbsp;: un grand arbre qui a \u00e9t\u00e9 ensuite peint par les \u00e9l\u00e8ves de la maternelle. Les&nbsp;<strong>CM2 A<\/strong>&nbsp;ont quant \u00e0 eux enregistr\u00e9 un podcast pour introduire la semaine des ODD, podcast diffus\u00e9 \u00e0 l\u2019\u00e9cole le 22 avril, lors de la journ\u00e9e de la Terre.<\/li>\n\n\n\n<li><strong><a href=\"https:\/\/site.mlfmonde.org\/majorelle\/les-mains-dans-la-terre-lancement-du-projet-permaculture\/\" target=\"_blank\" rel=\"noreferrer noopener\">La suite du projet permaculture<\/a><\/strong>&nbsp;pour&nbsp;<strong>les \u00e9l\u00e8ves de maternelle<\/strong>&nbsp;et de&nbsp;<strong>CE2<\/strong>&nbsp;avec l\u2019intervention de Moe le permaculteur<\/li>\n<\/ul>\n\n\n\n<figure class=\"wp-block-video\"><video controls src=\"https:\/\/site.mlfmonde.org\/majorelle\/wp-content\/uploads\/sites\/13\/2026\/04\/Hicham-Houdaifa-ODD.mp4\"><\/video><\/figure>\n\n\n\n<figure class=\"wp-block-video\"><video controls src=\"https:\/\/site.mlfmonde.org\/majorelle\/wp-content\/uploads\/sites\/13\/2026\/04\/download.mp4\"><\/video><\/figure>\n\n\n\n<p>Cette semaine des ODD \u00e9tait plurilingue, les enjeux de d\u00e9veloppement durable ont \u00e9t\u00e9 abord\u00e9s en arabe et en anglais. Ainsi, par exemple, les \u00e9l\u00e8ves de CM2 ont r\u00e9alis\u00e9 des maquettes, pendant leur cours d\u2019arabe qu\u2019ils ont pr\u00e9sent\u00e9es aux \u00e9l\u00e8ves de maternelle.<\/p>\n\n\n\n<p>Les coll\u00e9giens ont particip\u00e9 aussi \u00e0 de nombreux projets inter-degr\u00e9s. Ainsi, les \u00e9l\u00e8ves de 6<sup>\u00e8me<\/sup>&nbsp;ont r\u00e9alis\u00e9 en arabe des sayn\u00e8tes \u00ab La nature face \u00e0 l\u2019homme \u00bb qu\u2019ils ont pr\u00e9sent\u00e9es aux diff\u00e9rentes classes du primaire. Ils ont fait&nbsp; d\u00e9couvrir aussi leurs maquettes \u00ab C\u00e9leste ma plan\u00e8te \u00bb aux \u00e9l\u00e8ves de CE2 et enfin racont\u00e9 \u00e0 ceux de la maternelle l\u2019histoire \u00ab\u00a0Le bocal de M. Redfish\u00a0\u00bb \u00e0 l\u2019aide d\u2019un kamishiba\u00ef. L\u2019activit\u00e9 \u00ab un livre dans un sac autour du livre La gardienne de la for\u00eat \u00bb des \u00e9l\u00e8ves de 4<sup>\u00e8me<\/sup>&nbsp;a \u00e9t\u00e9 propos\u00e9e aux \u00e9l\u00e8ves de CM2 au CDI du coll\u00e8ge. Les 4<sup>\u00e8me<\/sup>&nbsp;y ont \u00e9galement pr\u00e9sent\u00e9 des sayn\u00e8tes aux \u00e9l\u00e8ves de CE1 inspir\u00e9es du film \u00ab\u00a0la petite bande\u00a0\u00bb.&nbsp;<\/p>\n\n\n\n<p>Au-del\u00e0 de ces projets inter-cycles et inter-degr\u00e9s, la th\u00e9matique des 17 ODD a \u00e9t\u00e9 abord\u00e9e dans toutes les classes tout au long de la semaine afin de sensibiliser nos \u00e9l\u00e8ves \u00e0 ces enjeux fondamentaux.<\/p>\n\n\n\n<figure class=\"wp-block-video\"><video controls src=\"https:\/\/site.mlfmonde.org\/majorelle\/wp-content\/uploads\/sites\/13\/2026\/04\/Podcast-Boyan-Slat.mp4\"><\/video><\/figure>\n\n\n\n<p>Nos \u00e9l\u00e8ves de CM2 s&#8217;emparent des micros de \u00ab\u00a0La Voix de Majorelle\u00a0\u00bb pour le deuxi\u00e8me \u00e9pisode de notre s\u00e9rie Une plan\u00e8te plus verte. Cette semaine, ils nous font d\u00e9couvrir le destin incroyable de Boyan Slat, le jeune g\u00e9nie qui a d\u00e9cid\u00e9 de nettoyer nos oc\u00e9ans ! <img loading=\"lazy\" decoding=\"async\" height=\"16\" width=\"16\" alt=\"\ud83c\udf0d\" src=\"https:\/\/static.xx.fbcdn.net\/images\/emoji.php\/v9\/tde\/2\/16\/1f30d.png\"><img loading=\"lazy\" decoding=\"async\" height=\"16\" width=\"16\" alt=\"\u2728\" src=\"https:\/\/static.xx.fbcdn.net\/images\/emoji.php\/v9\/t75\/2\/16\/2728.png\"><\/p>\n\n\n\n<p>De la recherche d&rsquo;informations \u00e0 l&rsquo;enregistrement en studio, nos journalistes en herbe ont travaill\u00e9 avec passion pour vous sensibiliser aux enjeux de demain. Entre \u00e9loquence et conviction, ils nous prouvent que l&rsquo;avenir est entre de bonnes mains.<\/p>\n\n\n\n<figure class=\"wp-block-video\"><video controls src=\"https:\/\/site.mlfmonde.org\/majorelle\/wp-content\/uploads\/sites\/13\/2026\/04\/download-1.mp4\"><\/video><\/figure>\n\n\n\n<p><strong>Le recyclage n&rsquo;a jamais \u00e9t\u00e9 aussi amusant ! \u267b\ufe0f\u2728<\/strong><\/p>\n\n\n\n<p>\u00c0 l&rsquo;occasion de la semaine des ODD, nos \u00e9l\u00e8ves de <strong>CE1<\/strong> ont relev\u00e9 un d\u00e9fi cr\u00e9atif et solidaire : transformer des bidons d&rsquo;eau et du vieux journal en un <strong>labyrinthe g\u00e9ant<\/strong> pour leurs camarades de la maternelle ! \ud83c\udfa8\ud83c\udf00<\/p>\n\n\n\n<p>Le r\u00e9sultat ? Une explosion de couleurs et, surtout, des sourires inoubliables lors de ce moment d&rsquo;\u00e9change inter-cycles. Apprendre \u00e0 prot\u00e9ger la plan\u00e8te tout en cr\u00e9ant du bonheur, c&rsquo;est \u00e7a l&rsquo;esprit Majorelle ! \ud83d\udc99<\/p>\n\n\n\n<p>\ud83d\udca1 <strong>Le petit plus :<\/strong> Une activit\u00e9 facile \u00e0 reproduire \u00e0 la maison pour donner une seconde vie \u00e0 vos contenants<\/p>\n\n\n\n<figure class=\"wp-block-video\"><video controls src=\"https:\/\/site.mlfmonde.org\/majorelle\/wp-content\/uploads\/sites\/13\/2026\/04\/Podcast-Wangari-Maathai.mp4\"><\/video><\/figure>\n\n\n\n<figure class=\"wp-block-video\"><video controls src=\"https:\/\/site.mlfmonde.org\/majorelle\/wp-content\/uploads\/sites\/13\/2026\/04\/download-2.mp4\"><\/video><\/figure>\n\n\n\n<p>La plan\u00e8te s&rsquo;invite sur sc\u00e8ne en arabe ! \ud83c\udf0d\u2728<\/p>\n\n\n\n<p>Dans le cadre de notre semaine d\u00e9di\u00e9e aux ODD, nos \u00e9l\u00e8ves de 6\u00e8me ont brillamment relev\u00e9 le d\u00e9fi : sensibiliser leurs camarades de CM2 et de Maternelle aux enjeux de notre plan\u00e8te\u2026 int\u00e9gralement en langue arabe ! \ud83c\udfad\ud83c\udfa4<\/p>\n\n\n\n<p>Un moment suspendu o\u00f9 la transmission et le plurilinguisme ont pris tout leur sens. Voir nos a\u00een\u00e9s transmettre des valeurs d&rsquo;\u00e9co-citoyennet\u00e9 aux plus petits avec autant de passion et de bienveillance, c&rsquo;est aussi \u00e7a l&rsquo;esprit GSI Majorelle.<\/p>\n\n\n\n<p>Bravo \u00e0 nos jeunes com\u00e9diens pour leur investissement et leur talent oratoire !<\/p>\n\n\n\n<figure class=\"wp-block-video\"><video controls src=\"https:\/\/site.mlfmonde.org\/majorelle\/wp-content\/uploads\/sites\/13\/2026\/04\/Le-savais-tu-le-microplastique.mp4\"><\/video><\/figure>\n\n\n\n<figure class=\"wp-block-video\"><video controls src=\"https:\/\/site.mlfmonde.org\/majorelle\/wp-content\/uploads\/sites\/13\/2026\/04\/Le-savais-tu-la-deforestation.mp4\"><\/video><\/figure>\n","protected":false},"excerpt":{"rendered":"<p>\u00c0 la suite de l&rsquo;obtention de notre label E3D, t\u00e9moignant de notre engagement pour le d\u00e9veloppement durable, nous avons la joie d&rsquo;annoncer la tenue d&rsquo;une semaine th\u00e9matique exceptionnelle du 20 au 24 avril prochains. Cet \u00e9v\u00e9nement f\u00e9d\u00e9rateur verra nos \u00e9l\u00e8ves s&rsquo;approprier les Objectifs de D\u00e9veloppement Durable \u00e0 travers des ateliers dynamiques, favorisant les \u00e9changes entre [&hellip;]<\/p>\n","protected":false},"author":84,"featured_media":4766,"comment_status":"closed","ping_status":"closed","sticky":true,"template":"","format":"standard","meta":{"_exactmetrics_skip_tracking":false,"_exactmetrics_sitenote_active":false,"_exactmetrics_sitenote_note":"","_exactmetrics_sitenote_category":0,"footnotes":""},"categories":[7],"tags":[],"class_list":{"0":"post-4763","1":"post","2":"type-post","3":"status-publish","4":"format-standard","5":"has-post-thumbnail","7":"category-actualites","8":"czr-hentry"},"_links":{"self":[{"href":"https:\/\/site.mlfmonde.org\/majorelle\/wp-json\/wp\/v2\/posts\/4763","targetHints":{"allow":["GET"]}}],"collection":[{"href":"https:\/\/site.mlfmonde.org\/majorelle\/wp-json\/wp\/v2\/posts"}],"about":[{"href":"https:\/\/site.mlfmonde.org\/majorelle\/wp-json\/wp\/v2\/types\/post"}],"author":[{"embeddable":true,"href":"https:\/\/site.mlfmonde.org\/majorelle\/wp-json\/wp\/v2\/users\/84"}],"replies":[{"embeddable":true,"href":"https:\/\/site.mlfmonde.org\/majorelle\/wp-json\/wp\/v2\/comments?post=4763"}],"version-history":[{"count":20,"href":"https:\/\/site.mlfmonde.org\/majorelle\/wp-json\/wp\/v2\/posts\/4763\/revisions"}],"predecessor-version":[{"id":4843,"href":"https:\/\/site.mlfmonde.org\/majorelle\/wp-json\/wp\/v2\/posts\/4763\/revisions\/4843"}],"wp:featuredmedia":[{"embeddable":true,"href":"https:\/\/site.mlfmonde.org\/majorelle\/wp-json\/wp\/v2\/media\/4766"}],"wp:attachment":[{"href":"https:\/\/site.mlfmonde.org\/majorelle\/wp-json\/wp\/v2\/media?parent=4763"}],"wp:term":[{"taxonomy":"category","embeddable":true,"href":"https:\/\/site.mlfmonde.org\/majorelle\/wp-json\/wp\/v2\/categories?post=4763"},{"taxonomy":"post_tag","embeddable":true,"href":"https:\/\/site.mlfmonde.org\/majorelle\/wp-json\/wp\/v2\/tags?post=4763"}],"curies":[{"name":"wp","href":"https:\/\/api.w.org\/{rel}","templated":true}]}}