{"id":453,"date":"2019-10-16T17:22:18","date_gmt":"2019-10-16T17:22:18","guid":{"rendered":"https:\/\/site.mlfmonde.org\/essaouira-tabarly\/?p=453"},"modified":"2019-10-17T13:53:03","modified_gmt":"2019-10-17T13:53:03","slug":"sur-les-traces-de-laeropostale","status":"publish","type":"post","link":"https:\/\/site.mlfmonde.org\/essaouira-tabarly\/2019\/10\/16\/sur-les-traces-de-laeropostale\/","title":{"rendered":"Sur la route de l&rsquo;A\u00e9ropostale&#8230;"},"content":{"rendered":"<p>Nous avons particip\u00e9 depuis la rentr\u00e9e \u00e0 un projet commun \u00e0 de nombreuses \u00e9coles de l&rsquo;OSUI. Notre classe a suivi un \u00e9quipage du Raid Lat\u00e9co\u00e8re A\u00e9ropostale, Christine Del\u00e9cluse et Lionel Guillou. De Perpignan \u00e0 Dakar, nous avons v\u00e9cu avec eux cette aventure sur les traces des pilotes de l&rsquo;a\u00e9ropostale.\u00a0Ils nous ont envoy\u00e9 chaque jour des nouvelles de leurs \u00e9tapes, et ont beaucoup pens\u00e9 \u00e0 nous tout au long de leur p\u00e9riple. Nous avons r\u00eav\u00e9 avec eux !<\/p>\n<p><img loading=\"lazy\" decoding=\"async\" class=\"size-medium wp-image-614 aligncenter\" src=\"https:\/\/site.mlfmonde.org\/essaouira-tabarly\/wp-content\/uploads\/sites\/19\/2019\/10\/IMG-20191014-WA0011-300x225.jpg\" alt=\"\" width=\"300\" height=\"225\" srcset=\"https:\/\/site.mlfmonde.org\/essaouira-tabarly\/wp-content\/uploads\/sites\/19\/2019\/10\/IMG-20191014-WA0011-300x225.jpg 300w, https:\/\/site.mlfmonde.org\/essaouira-tabarly\/wp-content\/uploads\/sites\/19\/2019\/10\/IMG-20191014-WA0011-768x577.jpg 768w, https:\/\/site.mlfmonde.org\/essaouira-tabarly\/wp-content\/uploads\/sites\/19\/2019\/10\/IMG-20191014-WA0011-1024x769.jpg 1024w, https:\/\/site.mlfmonde.org\/essaouira-tabarly\/wp-content\/uploads\/sites\/19\/2019\/10\/IMG-20191014-WA0011-570x428.jpg 570w, https:\/\/site.mlfmonde.org\/essaouira-tabarly\/wp-content\/uploads\/sites\/19\/2019\/10\/IMG-20191014-WA0011.jpg 1280w\" sizes=\"auto, (max-width: 300px) 100vw, 300px\" \/><\/p>\n<p><img loading=\"lazy\" decoding=\"async\" class=\"size-medium wp-image-591 aligncenter\" src=\"https:\/\/site.mlfmonde.org\/essaouira-tabarly\/wp-content\/uploads\/sites\/19\/2019\/10\/IMG-20191014-WA0037-300x225.jpg\" alt=\"\" width=\"300\" height=\"225\" srcset=\"https:\/\/site.mlfmonde.org\/essaouira-tabarly\/wp-content\/uploads\/sites\/19\/2019\/10\/IMG-20191014-WA0037-300x225.jpg 300w, https:\/\/site.mlfmonde.org\/essaouira-tabarly\/wp-content\/uploads\/sites\/19\/2019\/10\/IMG-20191014-WA0037-768x576.jpg 768w, https:\/\/site.mlfmonde.org\/essaouira-tabarly\/wp-content\/uploads\/sites\/19\/2019\/10\/IMG-20191014-WA0037-1024x768.jpg 1024w, https:\/\/site.mlfmonde.org\/essaouira-tabarly\/wp-content\/uploads\/sites\/19\/2019\/10\/IMG-20191014-WA0037-570x428.jpg 570w, https:\/\/site.mlfmonde.org\/essaouira-tabarly\/wp-content\/uploads\/sites\/19\/2019\/10\/IMG-20191014-WA0037.jpg 1280w\" sizes=\"auto, (max-width: 300px) 100vw, 300px\" \/><\/p>\n<p>Ce projet a \u00e9galement \u00e9t\u00e9 <a href=\"https:\/\/site.mlfmonde.org\/essaouira-tabarly\/2019\/10\/16\/pourquoi-le-petit-prince-est-il-si-connu-et-aime\/\">l&rsquo;occasion id\u00e9ale de lire <em>Le Petit Prince<\/em> d&rsquo;Antoine de Saint-Exup\u00e9ry<\/a>, pilote mythique de l&rsquo;A\u00e9ropostale.<\/p>\n<p>&nbsp;<\/p>\n<p>Lors l&rsquo;arriv\u00e9e du Raid \u00e0 Essaouira, le 25 septembre, nous nous sommes rendus \u00e0 l&rsquo;a\u00e9roport et nous avons accueilli Christine et Lionel avec ferveur, des \u00e9toiles plein les yeux. Nous leur avons pos\u00e9 mille questions&#8230;<\/p>\n[carousel source=\u00a0\u00bbmedia: 620,612,599,592,588,587,586,585,584,583&Prime;]\n<p>Nous leur avons remis une valise pr\u00e9sentant une sp\u00e9cificit\u00e9 de notre ville. Nous avions choisi de pr\u00e9senter le style si cr\u00e9atif et magique des peintres d&rsquo;Essaouira, d\u00e9couvert quelques jours plus t\u00f4t \u00e0 la Galerie Damgaard.\u00a0Nous leur avons \u00e9galement transmis des courriers pour des enfants d&rsquo;\u00e9coles primaires, maternelles et de cr\u00e8ches en France.<\/p>\n[carousel source=\u00a0\u00bbmedia: 590,589,611,609,607,606,605,610,604,603,602,601,600,595,596,597,598&Prime;]\n<p>Avec le contenu de toutes les valises remises par les diff\u00e9rentes \u00e9coles OSUI, une exposition a \u00e9t\u00e9 organis\u00e9e \u00e0 l&rsquo;\u00e9cole, par les \u00e9l\u00e8ves, pour le plaisir des autres classes et des parents.<\/p>\n[carousel source=\u00a0\u00bbmedia: 649,650,647,644,645&Prime;]\n<p>Ce projet a \u00e9t\u00e9 enthousiasmant et f\u00e9d\u00e9rateur pour nos \u00e9l\u00e8ves, en ce d\u00e9but d&rsquo;ann\u00e9e. Les autres \u00e9coles ayant particip\u00e9 semblent avoir aussi beaucoup appris et beaucoup r\u00eav\u00e9. Vous pouvez retrouver leur exp\u00e9rience sur <a href=\"https:\/\/aeropostale.osui.org\">le site OSUI A\u00e9ropostale<\/a>.<\/p>\n<p>&nbsp;<\/p>\n<p>&nbsp;<\/p>\n<p>&nbsp;<\/p>\n<p>&nbsp;<\/p>\n","protected":false},"excerpt":{"rendered":"<p>Nous avons particip\u00e9 depuis la rentr\u00e9e \u00e0 un projet commun \u00e0 de nombreuses \u00e9coles de l&rsquo;OSUI. Notre classe a suivi un \u00e9quipage du Raid Lat\u00e9co\u00e8re A\u00e9ropostale, Christine Del\u00e9cluse et Lionel Guillou. De Perpignan \u00e0 Dakar, nous avons v\u00e9cu avec eux cette aventure sur les traces des pilotes de l&rsquo;a\u00e9ropostale.\u00a0Ils nous ont envoy\u00e9 chaque jour des [&hellip;]<\/p>\n","protected":false},"author":174,"featured_media":565,"comment_status":"open","ping_status":"open","sticky":false,"template":"","format":"standard","meta":{"_exactmetrics_skip_tracking":false,"_exactmetrics_sitenote_active":false,"_exactmetrics_sitenote_note":"","_exactmetrics_sitenote_category":0,"footnotes":""},"categories":[30],"tags":[],"class_list":{"0":"post-453","1":"post","2":"type-post","3":"status-publish","4":"format-standard","5":"has-post-thumbnail","7":"category-primaire","8":"czr-hentry"},"_links":{"self":[{"href":"https:\/\/site.mlfmonde.org\/essaouira-tabarly\/wp-json\/wp\/v2\/posts\/453","targetHints":{"allow":["GET"]}}],"collection":[{"href":"https:\/\/site.mlfmonde.org\/essaouira-tabarly\/wp-json\/wp\/v2\/posts"}],"about":[{"href":"https:\/\/site.mlfmonde.org\/essaouira-tabarly\/wp-json\/wp\/v2\/types\/post"}],"author":[{"embeddable":true,"href":"https:\/\/site.mlfmonde.org\/essaouira-tabarly\/wp-json\/wp\/v2\/users\/174"}],"replies":[{"embeddable":true,"href":"https:\/\/site.mlfmonde.org\/essaouira-tabarly\/wp-json\/wp\/v2\/comments?post=453"}],"version-history":[{"count":6,"href":"https:\/\/site.mlfmonde.org\/essaouira-tabarly\/wp-json\/wp\/v2\/posts\/453\/revisions"}],"predecessor-version":[{"id":672,"href":"https:\/\/site.mlfmonde.org\/essaouira-tabarly\/wp-json\/wp\/v2\/posts\/453\/revisions\/672"}],"wp:featuredmedia":[{"embeddable":true,"href":"https:\/\/site.mlfmonde.org\/essaouira-tabarly\/wp-json\/wp\/v2\/media\/565"}],"wp:attachment":[{"href":"https:\/\/site.mlfmonde.org\/essaouira-tabarly\/wp-json\/wp\/v2\/media?parent=453"}],"wp:term":[{"taxonomy":"category","embeddable":true,"href":"https:\/\/site.mlfmonde.org\/essaouira-tabarly\/wp-json\/wp\/v2\/categories?post=453"},{"taxonomy":"post_tag","embeddable":true,"href":"https:\/\/site.mlfmonde.org\/essaouira-tabarly\/wp-json\/wp\/v2\/tags?post=453"}],"curies":[{"name":"wp","href":"https:\/\/api.w.org\/{rel}","templated":true}]}}